{"id":115,"date":"2023-11-23T00:03:45","date_gmt":"2023-11-23T00:03:45","guid":{"rendered":"http:\/\/piac.izsak.hu\/?p=115"},"modified":"2023-11-23T01:06:55","modified_gmt":"2023-11-23T01:06:55","slug":"a-piacter-es-piaccsarnok-a-szokasos-idopontokban-nyitva","status":"publish","type":"post","link":"http:\/\/piac.izsak.hu\/index.php\/2023\/11\/23\/a-piacter-es-piaccsarnok-a-szokasos-idopontokban-nyitva\/","title":{"rendered":"A piact\u00e9r \u00e9s piaccsarnok a szok\u00e1sos id\u0151pontokban nyitva"},"content":{"rendered":"\n<p><\/p>\n\n\n\n<p>A piact\u00e9r \u00e9s a piaccsarnok minden kedden \u00e9s p\u00e9nteken nyitva reggel 5:00-12:00-ig.<\/p>\n\n\n\n<p>Folyamatosan b\u0151v\u00fcl\u0151 \u00e9s v\u00e1ltoz\u00f3 k\u00edn\u00e1lattal v\u00e1rjuk kedves l\u00e1togat\u00f3inkat.<\/p>\n","protected":false},"excerpt":{"rendered":"<p>A piact\u00e9r \u00e9s a piaccsarnok minden kedden \u00e9s p\u00e9nteken nyitva reggel 5:00-12:00-ig. Folyamatosan b\u0151v\u00fcl\u0151 \u00e9s v\u00e1ltoz\u00f3 k\u00edn\u00e1lattal v\u00e1rjuk kedves l\u00e1togat\u00f3inkat.<\/p>\n","protected":false},"author":1,"featured_media":31,"comment_status":"closed","ping_status":"closed","sticky":false,"template":"","format":"standard","meta":{"_et_pb_use_builder":"off","_et_pb_old_content":"","_et_gb_content_width":"1080","footnotes":""},"categories":[1],"tags":[],"_links":{"self":[{"href":"http:\/\/piac.izsak.hu\/index.php\/wp-json\/wp\/v2\/posts\/115"}],"collection":[{"href":"http:\/\/piac.izsak.hu\/index.php\/wp-json\/wp\/v2\/posts"}],"about":[{"href":"http:\/\/piac.izsak.hu\/index.php\/wp-json\/wp\/v2\/types\/post"}],"author":[{"embeddable":true,"href":"http:\/\/piac.izsak.hu\/index.php\/wp-json\/wp\/v2\/users\/1"}],"replies":[{"embeddable":true,"href":"http:\/\/piac.izsak.hu\/index.php\/wp-json\/wp\/v2\/comments?post=115"}],"version-history":[{"count":1,"href":"http:\/\/piac.izsak.hu\/index.php\/wp-json\/wp\/v2\/posts\/115\/revisions"}],"predecessor-version":[{"id":116,"href":"http:\/\/piac.izsak.hu\/index.php\/wp-json\/wp\/v2\/posts\/115\/revisions\/116"}],"wp:featuredmedia":[{"embeddable":true,"href":"http:\/\/piac.izsak.hu\/index.php\/wp-json\/wp\/v2\/media\/31"}],"wp:attachment":[{"href":"http:\/\/piac.izsak.hu\/index.php\/wp-json\/wp\/v2\/media?parent=115"}],"wp:term":[{"taxonomy":"category","embeddable":true,"href":"http:\/\/piac.izsak.hu\/index.php\/wp-json\/wp\/v2\/categories?post=115"},{"taxonomy":"post_tag","embeddable":true,"href":"http:\/\/piac.izsak.hu\/index.php\/wp-json\/wp\/v2\/tags?post=115"}],"curies":[{"name":"wp","href":"https:\/\/api.w.org\/{rel}","templated":true}]}}